{"id":735,"date":"2026-04-12T11:41:04","date_gmt":"2026-04-12T17:41:04","guid":{"rendered":"https:\/\/socialblack.mx\/es\/?p=735"},"modified":"2026-04-12T11:41:04","modified_gmt":"2026-04-12T17:41:04","slug":"campana-y-marca-una-coherencia-necesaria","status":"publish","type":"post","link":"https:\/\/socialblack.mx\/es\/campana-y-marca-una-coherencia-necesaria\/","title":{"rendered":"Campa\u00f1a y Marca, una coherencia necesaria"},"content":{"rendered":"\n<h3 class=\"wp-block-heading\">Coherencia entre campa\u00f1a y marca. \u00bfPor qu\u00e9 algunas campa\u00f1as se sienten tan \u201cde la marca\u201d?<\/h3>\n\n\n\n<p>Seguramente te ha pasado: ves una campa\u00f1a y, antes de ver el logo, ya sabes de qu\u00e9 marca es.<\/p>\n\n\n\n<p>No es casualidad. Es el resultado de una coherencia bien construida entre identidad, mensaje, estilo visual y forma de comunicar.<\/p>\n\n\n\n<p>Cuando una campa\u00f1a est\u00e1 realmente alineada con la marca, transmite algo m\u00e1s que una promoci\u00f3n o una idea puntual: refuerza reconocimiento, construye recordaci\u00f3n y hace que cada pieza se sienta parte de un mismo universo.<\/p>\n\n\n\n<p>En cambio, cuando esa coherencia no existe, incluso una campa\u00f1a visualmente atractiva puede perder fuerza, porque se ve gen\u00e9rica, desconectada o f\u00e1cilmente intercambiable con la de cualquier otra marca.<\/p>\n\n\n\n<p>Entonces, la pregunta no es solo c\u00f3mo hacer una campa\u00f1a que se vea bien, sino <strong>c\u00f3mo lograr que se sienta aut\u00e9nticamente propia.<\/strong><\/p>\n\n\n\n<h3 class=\"wp-block-heading\">\u00bfQu\u00e9 hace que una campa\u00f1a realmente se sienta \u201cde la marca\u201d?<\/h3>\n\n\n\n<figure class=\"wp-block-image size-large\"><img fetchpriority=\"high\" decoding=\"async\" width=\"1024\" height=\"759\" src=\"https:\/\/socialblack.mx\/es\/wp-content\/uploads\/2026\/04\/campana-2-1024x759.jpg\" alt=\"\" class=\"wp-image-737\" srcset=\"https:\/\/socialblack.mx\/es\/wp-content\/uploads\/2026\/04\/campana-2-1024x759.jpg 1024w, https:\/\/socialblack.mx\/es\/wp-content\/uploads\/2026\/04\/campana-2-300x222.jpg 300w, https:\/\/socialblack.mx\/es\/wp-content\/uploads\/2026\/04\/campana-2-768x569.jpg 768w, https:\/\/socialblack.mx\/es\/wp-content\/uploads\/2026\/04\/campana-2-1536x1138.jpg 1536w, https:\/\/socialblack.mx\/es\/wp-content\/uploads\/2026\/04\/campana-2-2048x1518.jpg 2048w, https:\/\/socialblack.mx\/es\/wp-content\/uploads\/2026\/04\/campana-2-370x274.jpg 370w, https:\/\/socialblack.mx\/es\/wp-content\/uploads\/2026\/04\/campana-2-840x622.jpg 840w, https:\/\/socialblack.mx\/es\/wp-content\/uploads\/2026\/04\/campana-2-410x304.jpg 410w\" sizes=\"(max-width: 1024px) 100vw, 1024px\" \/><\/figure>\n\n\n\n<h3 class=\"wp-block-heading\"><strong>1. Una identidad visual consistente<\/strong><\/h3>\n\n\n\n<p>Las marcas que logran campa\u00f1as f\u00e1cilmente reconocibles no dependen de una sola buena pieza, sino de una construcci\u00f3n visual coherente a lo largo del tiempo. Colores, tipograf\u00edas, estilos fotogr\u00e1ficos, composici\u00f3n, uso del espacio, tratamiento gr\u00e1fico e incluso ciertos recursos visuales se convierten en se\u00f1ales que el p\u00fablico aprende a identificar casi de forma autom\u00e1tica.<\/p>\n\n\n\n<p>Esto no quiere decir que todas sus campa\u00f1as deban verse id\u00e9nticas o repetitivas. De hecho, una marca puede explorar conceptos distintos, adaptarse a diferentes objetivos y renovar su comunicaci\u00f3n sin perder su esencia. La clave est\u00e1 en que, aun con variaciones, exista un mismo lenguaje visual de fondo que conecte todas las piezas entre s\u00ed.<\/p>\n\n\n\n<p>Cuando esa identidad visual est\u00e1 bien trabajada, la campa\u00f1a no solo se ve atractiva: se siente familiar, coherente y claramente vinculada a la marca. En cambio, cuando cada campa\u00f1a parece hablar un lenguaje visual distinto, la marca pierde consistencia y se vuelve m\u00e1s dif\u00edcil de reconocer.<\/p>\n\n\n\n<h3 class=\"wp-block-heading\"><strong>2. Un tono de comunicaci\u00f3n claro<\/strong><\/h3>\n\n\n\n<p>La coherencia de una campa\u00f1a no depende \u00fanicamente de lo visual. Tambi\u00e9n se construye desde la forma en la que la marca se expresa. El tono de comunicaci\u00f3n define personalidad, cercan\u00eda y percepci\u00f3n. Es lo que hace que una marca suene aut\u00e9ntica y no como un mensaje gen\u00e9rico que podr\u00eda pertenecer a cualquiera.<\/p>\n\n\n\n<p>Hay marcas que se comunican desde lo cercano y espont\u00e1neo, otras desde lo aspiracional, lo t\u00e9cnico, lo elegante o lo informativo. Ning\u00fan tono es mejor que otro por s\u00ed mismo; lo importante es que sea claro, consistente y alineado con la identidad de la marca.<\/p>\n\n\n\n<p>Cuando ese tono se mantiene en las campa\u00f1as, el p\u00fablico empieza a reconocer no solo c\u00f3mo se ve la marca, sino tambi\u00e9n c\u00f3mo \u201chabla\u201d. Esa familiaridad fortalece la recordaci\u00f3n y hace que la comunicaci\u00f3n se perciba m\u00e1s natural.<\/p>\n\n\n\n<p>Por el contrario, cuando una campa\u00f1a cambia por completo la forma de expresarse, el mensaje puede sentirse forzado, confuso o poco genuino. Y en comunicaci\u00f3n de marca, perder autenticidad suele significar perder conexi\u00f3n.<\/p>\n\n\n\n<h3 class=\"wp-block-heading\"><strong>3. Un estilo visual propio<\/strong><\/h3>\n\n\n\n<p>Muchas marcas desarrollan un estilo visual reconocible: el tipo de ilustraciones, el estilo de fotograf\u00eda, la forma en la que presentan sus productos o incluso el ritmo visual de sus piezas.<\/p>\n\n\n\n<p>Ese estilo funciona como una especie de \u201cfirma visual\u201d.<\/p>\n\n\n\n<p>Cuando el dise\u00f1o respeta ese estilo, las campa\u00f1as se sienten coherentes con la marca. Cuando no lo hacen, el resultado puede parecer gen\u00e9rico o desconectado.<\/p>\n\n\n\n<p>Una campa\u00f1a puede ser visualmente atractiva, tener un buen mensaje e incluso lograr resultados a corto plazo. Sin embargo, si no mantiene una conexi\u00f3n clara con la marca, es probable que pase desapercibida en t\u00e9rminos de identidad.<\/p>\n\n\n\n<p>Cuando el dise\u00f1o se utiliza de forma estrat\u00e9gica (manteniendo consistencia, tono y estilo) <strong>las campa\u00f1as no solo comunican una idea, sino que tambi\u00e9n refuerzan qui\u00e9n es la marca.<\/strong><\/p>\n\n\n\n<figure class=\"wp-block-image size-large\"><img decoding=\"async\" width=\"1024\" height=\"683\" src=\"https:\/\/socialblack.mx\/es\/wp-content\/uploads\/2026\/04\/campana-3-1024x683.jpg\" alt=\"\" class=\"wp-image-738\" srcset=\"https:\/\/socialblack.mx\/es\/wp-content\/uploads\/2026\/04\/campana-3-1024x683.jpg 1024w, https:\/\/socialblack.mx\/es\/wp-content\/uploads\/2026\/04\/campana-3-300x200.jpg 300w, https:\/\/socialblack.mx\/es\/wp-content\/uploads\/2026\/04\/campana-3-768x512.jpg 768w, https:\/\/socialblack.mx\/es\/wp-content\/uploads\/2026\/04\/campana-3-1536x1024.jpg 1536w, https:\/\/socialblack.mx\/es\/wp-content\/uploads\/2026\/04\/campana-3-2048x1366.jpg 2048w, https:\/\/socialblack.mx\/es\/wp-content\/uploads\/2026\/04\/campana-3-370x247.jpg 370w, https:\/\/socialblack.mx\/es\/wp-content\/uploads\/2026\/04\/campana-3-840x560.jpg 840w, https:\/\/socialblack.mx\/es\/wp-content\/uploads\/2026\/04\/campana-3-410x273.jpg 410w\" sizes=\"(max-width: 1024px) 100vw, 1024px\" \/><\/figure>\n\n\n\n<p>Y es justamente ah\u00ed donde el dise\u00f1o deja de ser solo una cuesti\u00f3n est\u00e9tica para convertirse en una herramienta clave para construir una marca.<\/p>\n\n\n\n<p>Si ya entendiste que una campa\u00f1a puede llamar la atenci\u00f3n, pero una marca coherente es la que realmente construye recordaci\u00f3n y confianza, entonces el siguiente paso es alinear cada mensaje, cada pieza y cada punto de contacto bajo una misma direcci\u00f3n. <a href=\"https:\/\/socialblack.mx\/es\/servicios\/\">Social Black<\/a> es la herramienta que tu marca necesita para conectar estrategia, identidad y ejecuci\u00f3n en un sistema que genere resultados reales. <a href=\"https:\/\/api.whatsapp.com\/send\/?phone=525640064040&amp;text&amp;type=phone_number&amp;app_absent=0\" target=\"_blank\" rel=\"noopener\">\u00a1Hablemos!<\/a><\/p>\n\n\n\n<p><\/p>\n","protected":false},"excerpt":{"rendered":"<p>Coherencia entre campa\u00f1a y marca. \u00bfPor qu\u00e9 algunas campa\u00f1as se sienten tan \u201cde la marca\u201d? Seguramente te ha pasado: ves una campa\u00f1a y, antes de ver el logo, ya sabes&hellip;<\/p>\n","protected":false},"author":5,"featured_media":736,"comment_status":"closed","ping_status":"open","sticky":false,"template":"","format":"standard","meta":{"footnotes":""},"categories":[1,7,5,6],"tags":[20,21],"class_list":["post-735","post","type-post","status-publish","format-standard","has-post-thumbnail","hentry","category-noticias-de-marketing-digital","category-content-marketing","category-influencer-marketing","category-social-media","tag-campana","tag-marca"],"_links":{"self":[{"href":"https:\/\/socialblack.mx\/es\/wp-json\/wp\/v2\/posts\/735","targetHints":{"allow":["GET"]}}],"collection":[{"href":"https:\/\/socialblack.mx\/es\/wp-json\/wp\/v2\/posts"}],"about":[{"href":"https:\/\/socialblack.mx\/es\/wp-json\/wp\/v2\/types\/post"}],"author":[{"embeddable":true,"href":"https:\/\/socialblack.mx\/es\/wp-json\/wp\/v2\/users\/5"}],"replies":[{"embeddable":true,"href":"https:\/\/socialblack.mx\/es\/wp-json\/wp\/v2\/comments?post=735"}],"version-history":[{"count":1,"href":"https:\/\/socialblack.mx\/es\/wp-json\/wp\/v2\/posts\/735\/revisions"}],"predecessor-version":[{"id":739,"href":"https:\/\/socialblack.mx\/es\/wp-json\/wp\/v2\/posts\/735\/revisions\/739"}],"wp:featuredmedia":[{"embeddable":true,"href":"https:\/\/socialblack.mx\/es\/wp-json\/wp\/v2\/media\/736"}],"wp:attachment":[{"href":"https:\/\/socialblack.mx\/es\/wp-json\/wp\/v2\/media?parent=735"}],"wp:term":[{"taxonomy":"category","embeddable":true,"href":"https:\/\/socialblack.mx\/es\/wp-json\/wp\/v2\/categories?post=735"},{"taxonomy":"post_tag","embeddable":true,"href":"https:\/\/socialblack.mx\/es\/wp-json\/wp\/v2\/tags?post=735"}],"curies":[{"name":"wp","href":"https:\/\/api.w.org\/{rel}","templated":true}]}}